{"id":175,"date":"2024-05-06T00:45:07","date_gmt":"2024-05-05T22:45:07","guid":{"rendered":"https:\/\/tierrechtsethik.de\/freiraum\/?p=175"},"modified":"2024-05-13T19:46:38","modified_gmt":"2024-05-13T17:46:38","slug":"assistenzgeber-selber-anlernen-und-unterstuetzte-kommunikation","status":"publish","type":"post","link":"https:\/\/tierrechtsethik.de\/freiraum\/assistenzgeber-selber-anlernen-und-unterstuetzte-kommunikation\/","title":{"rendered":"Assistenzgeber selber anlernen und Unterst\u00fctzte Kommunikation"},"content":{"rendered":"<p>&nbsp;<\/p>\n<p>Bei der Hamburger Genossenschaft HAG (Link: <a href=\"https:\/\/hag-eg.de\/\">https:\/\/hag-eg.de\/<\/a>, Zugriff 06.05.24), die Assistenzleistungen f\u00fcr Menschen mit Behinderung vermittelt, koordiniert und organisiert,\u00a0 lasen wir uns gemeinsam deren Eigenbeschreibungen \u00fcber deren Arbeitsweisen und Konditionen durch.<\/p>\n<p>In deren Ausf\u00fchrungen zu ihrer &#8222;Funktionsweise&#8220; oder bzw. der Idee, wie Pers\u00f6nliche Assistenz hier realisiert wird, fanden wir genau das beschrieben, wie auch wir finden dass <strong>der Anlernprozess f\u00fcr Assistenten idealerweise<\/strong> vonstatten gehen sollte, und zwar indem die assistenznehmende Seite die assistenzgebende Seite anleitet &gt; selbst, direkt. Und dem ist mit Sicherheit zuzuf\u00fcgen, dass nichts dagegen einzuwenden ist, wenn dies in vern\u00fcnftiger Weise durch Dritte inhaltlich, falls irgendwie n\u00f6tig, unterst\u00fctzt w\u00fcrde (&#8230;).<\/p>\n<p>Die Assistenz selbst anzuleiten hat vielerlei essentielle Vorteile, so auch den, dass Hilfeleistungen nicht nach einem Schema angedacht sind, sondern dass ganz unmittelbar der Austausch und die Kommunikation als Basis und Br\u00fccke zum fortlaufend Besseren entwickelt werden k\u00f6nnen, damit Assistenzgebende &#8222;Bed\u00fcrfnissen und Notwendigkeiten&#8220; in m\u00f6glichst individualisierter Weise gerecht werden k\u00f6nnen.<\/p>\n<p>Unsicherheiten k\u00f6nnen so immer wieder f\u00fcr beide Seiten in ganz andere Prozesse umgelenkt werden, als wenn die <em>Kommunikationsebenen zwischen den beteiligten Seiten<\/em> nicht in positiver Weise ausgesch\u00f6pft werden.<\/p>\n<p>Wir fragen uns nat\u00fcrlich in unserem Zusammenhang, warum die Gruppe der UK-User [ &gt; wir definieren eine Gruppe innerhalb dieser Gruppe als &gt; diejenigen UK-User, die Sprache als offenes System nutzen &#8230; ] bislang in der Diskussion \u00fcber Barrierefreiheit und Co. doch noch auffallend wenig M\u00f6glichkeiten haben, ihre W\u00fcnsche zum Assistenzthema in voller Breite mit einbringen zu k\u00f6nnen. <strong>Und warum somit deren Problematiken wenig in der Assistenzfrage adressiert werden.<\/strong><\/p>\n<p>In einer Anleitung zur Pers\u00f6nlichen Assistenz st\u00e4nde das Thema Kommunikationsrechte und die Unterst\u00fctzung dabei, dass diese realisiert werden, und die Unterst\u00fctzung zur Beachtung und Realisierung von Kommunikationsrechten im Alltag, in der Gesellschaft, ganz oben.<\/p>\n<p>Viele oder m\u00f6glicherweise sogar die meisten UK-User sind aus vermeintlich &#8222;kommunikationstechnischen&#8220; Gr\u00fcnden aus den meisten R\u00e4umen immernoch ausgeschlossen &#8211; so erschreckend es ist diesen Umstand zu benennen &#8211; und werden dabei wissentlich und unwissentlich aus so vielem ausgeschlossen und <strong>Teilhabe als Mitgestaltung<\/strong> wird so verunm\u00f6glicht.<\/p>\n<p>Der problematischste Aspekt, der sich an diesen Ausschluss bindet, bei Menschen, die durch Sprechbehinderung in der Form betroffen sind, dass sie zur Kommunikation &#8222;alleinig&#8220; UK und Sprachassistenz nutzen k\u00f6nnen (&#8230;), ist, dass ihr Sprachverm\u00f6gen von vielen Menschen in fahrl\u00e4ssiger und uninformierter Weise fehleingesch\u00e4tzt wird.<\/p>\n<p>Diese vorurteilshafte Fehleinsch\u00e4tzung f\u00fchrt im Vornhinein zu einer verzerrten Begegnung innerhalb von Kommunikationsr\u00e4umen in der Gesellschaft.<\/p>\n<p>&#8212;<\/p>\n<p>Dieser Beobachtung f\u00fcgen wir hinzu, dass der &gt; <strong>sozialen Ebene von Kommunikation<\/strong> eine ganz besondere Tragweite zukommt.<\/p>\n<p>Damit beide Seite sich &#8222;richtig&#8220; und &#8222;normal&#8220; vorkommen in einer kommunikativen Situation, in einer Situation des gleichwie gearteten sozialen und bewusst intendierten Austausches &#8211; sollten sich beide Seiten immer wieder justieren k\u00f6nnen und d\u00fcrfen um den gemeinschaftlichen Prozess des Austauschen bei m\u00f6glichen Schwierigkeiten zu erleichtern, und, auf der Seite der Able-Bodied Personen sollte Selbstreflektion genutzt werden k\u00f6nnen, damit allgemein auch <em>typische Stereotypien im Umgang und Erleben von Kommunikation aus der Perspektive der Assistenz (als Mittelsperson)\u00a0 kritisch hinterfragt werden<\/em>.<\/p>\n<p>rev. 13.05.2024<\/p>\n<p>&nbsp;<\/p>\n","protected":false},"excerpt":{"rendered":"<p>&nbsp; Bei der Hamburger Genossenschaft HAG (Link: https:\/\/hag-eg.de\/, Zugriff 06.05.24), die Assistenzleistungen f\u00fcr Menschen mit Behinderung vermittelt, koordiniert und organisiert,\u00a0 lasen wir uns gemeinsam deren Eigenbeschreibungen \u00fcber deren Arbeitsweisen und Konditionen durch. In deren Ausf\u00fchrungen zu ihrer &#8222;Funktionsweise&#8220; oder bzw. der Idee, wie Pers\u00f6nliche Assistenz hier realisiert wird, fanden wir genau das beschrieben, wie auch&hellip;<\/p>\n","protected":false},"author":1,"featured_media":0,"comment_status":"open","ping_status":"open","sticky":false,"template":"templates\/template-cover.php","format":"standard","meta":{"footnotes":""},"categories":[9,10],"tags":[6],"class_list":["post-175","post","type-post","status-publish","format-standard","hentry","category-kommunikationsrechte-und-barriere","category-selbstbestimmtes-leben","tag-kommunikationsrechte","tw-meta-no-icon"],"_links":{"self":[{"href":"https:\/\/tierrechtsethik.de\/freiraum\/wp-json\/wp\/v2\/posts\/175","targetHints":{"allow":["GET"]}}],"collection":[{"href":"https:\/\/tierrechtsethik.de\/freiraum\/wp-json\/wp\/v2\/posts"}],"about":[{"href":"https:\/\/tierrechtsethik.de\/freiraum\/wp-json\/wp\/v2\/types\/post"}],"author":[{"embeddable":true,"href":"https:\/\/tierrechtsethik.de\/freiraum\/wp-json\/wp\/v2\/users\/1"}],"replies":[{"embeddable":true,"href":"https:\/\/tierrechtsethik.de\/freiraum\/wp-json\/wp\/v2\/comments?post=175"}],"version-history":[{"count":9,"href":"https:\/\/tierrechtsethik.de\/freiraum\/wp-json\/wp\/v2\/posts\/175\/revisions"}],"predecessor-version":[{"id":191,"href":"https:\/\/tierrechtsethik.de\/freiraum\/wp-json\/wp\/v2\/posts\/175\/revisions\/191"}],"wp:attachment":[{"href":"https:\/\/tierrechtsethik.de\/freiraum\/wp-json\/wp\/v2\/media?parent=175"}],"wp:term":[{"taxonomy":"category","embeddable":true,"href":"https:\/\/tierrechtsethik.de\/freiraum\/wp-json\/wp\/v2\/categories?post=175"},{"taxonomy":"post_tag","embeddable":true,"href":"https:\/\/tierrechtsethik.de\/freiraum\/wp-json\/wp\/v2\/tags?post=175"}],"curies":[{"name":"wp","href":"https:\/\/api.w.org\/{rel}","templated":true}]}}