{"id":150,"date":"2024-04-11T20:01:23","date_gmt":"2024-04-11T18:01:23","guid":{"rendered":"https:\/\/tierrechtsethik.de\/freiraum\/?p=150"},"modified":"2024-04-11T20:01:53","modified_gmt":"2024-04-11T18:01:53","slug":"ableismus-die-unterscheidung-von-sprachwertigkeiten","status":"publish","type":"post","link":"https:\/\/tierrechtsethik.de\/freiraum\/ableismus-die-unterscheidung-von-sprachwertigkeiten\/","title":{"rendered":"Ableismus: Die Unterscheidung von Sprachwertigkeiten"},"content":{"rendered":"<p>&nbsp;<\/p>\n<p>Draft 12.12.23<\/p>\n<p>Wir suchen nach Begriffen, die die Form der ableistischen und disablistischen Diskriminierung beschreiben, die wir hier zum Teil diskutieren:<\/p>\n<p><strong>Jemanden auf ableistischer Basis zu diskriminieren, weil er oder sie anders spricht<\/strong><\/p>\n<p>auf der Ebene einer hinterfragenden Diskussion von Konzepten von Sprache und Kommunikation.<\/p>\n<p>Loquiismus \u2013 k\u00f6nnte verwendet werden, das Wort k\u00f6nnte aber missinterpretiert werden, weil Kommunikation vielf\u00e4ltig ist, und sich auf \u201cloqui\u201d (sprechen) in der Form zu beziehen, k\u00f6nnte missverstanden werden, in dem Sinne, dass Menschen, die glauben, dass ihre als normal und g\u00fcltig anerkannte Form zu sprechen den Standard f\u00fcr \u201edas Sprechen\u201c und \u201edas sprachliche Kommunizieren\u201c an und f\u00fcr sich darstellen w\u00fcrde, w\u00e4hrend z.B. hypersensible Formen der Kommunikation als Sprache und Sprachsysteme (weiterhin) negiert w\u00fcrden.<\/p>\n<p>Andere aktive Formen des Sprechens stellen gleicherma\u00dfen \u201eSprechen\u201c dar, nur eben andere Formen des \u201eSprechens\u201c \u2013 die (gegenw\u00e4rtig in der Regel) nicht als \u201eSprechen\u201c akzeptiert werden oder theoretisch implizit bestritten werden k\u00f6nnen, durch die vage Masse an Vorstellungen, Vorurteilen und engen Konzepten \u00fcber das Sprechen, die man in der akademischen Praxis und dem popul\u00e4rwissenschaftlichen Kanon zu Thema \u201eSprache\u201c, soweit uns gel\u00e4ufig, und somit auch von der normativ \u201cdenkenden\u201d Mehrheit vertreten werden.<\/p>\n<p>Auf Deutsch k\u00f6nnte man vielleicht sagen:<\/p>\n<p>\u201cDie Unterscheidung von Sprachwertigkeiten\u201d.<\/p>\n<p>&nbsp;<\/p>\n","protected":false},"excerpt":{"rendered":"<p>&nbsp; Draft 12.12.23 Wir suchen nach Begriffen, die die Form der ableistischen und disablistischen Diskriminierung beschreiben, die wir hier zum Teil diskutieren: Jemanden auf ableistischer Basis zu diskriminieren, weil er oder sie anders spricht auf der Ebene einer hinterfragenden Diskussion von Konzepten von Sprache und Kommunikation. Loquiismus \u2013 k\u00f6nnte verwendet werden, das Wort k\u00f6nnte aber&hellip;<\/p>\n","protected":false},"author":1,"featured_media":0,"comment_status":"open","ping_status":"open","sticky":false,"template":"templates\/template-cover.php","format":"standard","meta":{"footnotes":""},"categories":[5],"tags":[6],"class_list":["post-150","post","type-post","status-publish","format-standard","hentry","category-ableismus","tag-kommunikationsrechte","tw-meta-no-icon"],"_links":{"self":[{"href":"https:\/\/tierrechtsethik.de\/freiraum\/wp-json\/wp\/v2\/posts\/150","targetHints":{"allow":["GET"]}}],"collection":[{"href":"https:\/\/tierrechtsethik.de\/freiraum\/wp-json\/wp\/v2\/posts"}],"about":[{"href":"https:\/\/tierrechtsethik.de\/freiraum\/wp-json\/wp\/v2\/types\/post"}],"author":[{"embeddable":true,"href":"https:\/\/tierrechtsethik.de\/freiraum\/wp-json\/wp\/v2\/users\/1"}],"replies":[{"embeddable":true,"href":"https:\/\/tierrechtsethik.de\/freiraum\/wp-json\/wp\/v2\/comments?post=150"}],"version-history":[{"count":1,"href":"https:\/\/tierrechtsethik.de\/freiraum\/wp-json\/wp\/v2\/posts\/150\/revisions"}],"predecessor-version":[{"id":151,"href":"https:\/\/tierrechtsethik.de\/freiraum\/wp-json\/wp\/v2\/posts\/150\/revisions\/151"}],"wp:attachment":[{"href":"https:\/\/tierrechtsethik.de\/freiraum\/wp-json\/wp\/v2\/media?parent=150"}],"wp:term":[{"taxonomy":"category","embeddable":true,"href":"https:\/\/tierrechtsethik.de\/freiraum\/wp-json\/wp\/v2\/categories?post=150"},{"taxonomy":"post_tag","embeddable":true,"href":"https:\/\/tierrechtsethik.de\/freiraum\/wp-json\/wp\/v2\/tags?post=150"}],"curies":[{"name":"wp","href":"https:\/\/api.w.org\/{rel}","templated":true}]}}